{"id":3931,"date":"2024-09-28T15:33:37","date_gmt":"2024-09-28T15:33:37","guid":{"rendered":"https:\/\/advans.mx\/new\/?p=3931"},"modified":"2025-03-25T22:43:20","modified_gmt":"2025-03-25T22:43:20","slug":"el-perfil-del-contador-en-la-era-digital","status":"publish","type":"post","link":"https:\/\/advans.mx\/index.php\/2024\/09\/28\/el-perfil-del-contador-en-la-era-digital\/","title":{"rendered":"El perfil del contador en la era digital"},"content":{"rendered":"\t\t<div data-elementor-type=\"wp-post\" data-elementor-id=\"3931\" class=\"elementor elementor-3931\">\n\t\t\t\t<div class=\"elementor-element elementor-element-675d570 e-flex e-con-boxed e-con e-parent\" data-id=\"675d570\" data-element_type=\"container\">\n\t\t\t\t\t<div class=\"e-con-inner\">\n\t\t<div class=\"elementor-element elementor-element-e5d2bdf e-con-full e-flex e-con e-child\" data-id=\"e5d2bdf\" data-element_type=\"container\">\n\t\t\t\t<div class=\"elementor-element elementor-element-39f3a87 elementor-widget elementor-widget-heading\" data-id=\"39f3a87\" data-element_type=\"widget\" data-widget_type=\"heading.default\">\n\t\t\t\t<div class=\"elementor-widget-container\">\n\t\t\t\t\t<h2 class=\"elementor-heading-title elementor-size-default\">El perfil del contador en la era digital<\/h2>\t\t\t\t<\/div>\n\t\t\t\t<\/div>\n\t\t\t\t<div class=\"elementor-element elementor-element-63be264 elementor-widget elementor-widget-text-editor\" data-id=\"63be264\" data-element_type=\"widget\" data-widget_type=\"text-editor.default\">\n\t\t\t\t<div class=\"elementor-widget-container\">\n\t\t\t\t\t\t\t\t\t<p class=\"reader-text-block__paragraph\">La implementaci\u00f3n de la tecnolog\u00eda ha definido la evoluci\u00f3n del perfil del contador en la era digital, tan r\u00e1pido, que adaptarse al uso de nuevas aplicaciones ya debe ser parte del curriculum de estudio.<\/p><p class=\"reader-text-block__paragraph\">Los contadores se convierten en piezas clave dentro de las empresas y organizaciones, donde a trav\u00e9s de los sistemas de contabilidad electr\u00f3nica se simplifica enormemente el trabajo contable, por lo que se pide que las habilidades y el tiempo de estos profesionistas se enfoque m\u00e1s al\u00a0<strong>an\u00e1lisis<\/strong>, la\u00a0<strong>toma de decisiones estrat\u00e9gicas<\/strong>\u00a0y la\u00a0<strong>proyecci\u00f3n a futuro de las finanzas de las organizaciones<\/strong>.<\/p><p class=\"reader-text-block__paragraph\">Hoy en d\u00eda se busca que los profesionales de la contabilidad se puedan involucrar mucho m\u00e1s en la inteligencia financiera de la empresa.<\/p><p>La contabilidad se vuelve a posicionar como elemento clave en el \u00e9xito de toda empresa, emprendimiento o negocio, ya que cuida la\u00a0<strong>salud de las finanzas<\/strong>, los\u00a0<strong>impuestos<\/strong>, y en la\u00a0<strong>gesti\u00f3n de los recursos<\/strong>. Para ello se vuelve tambi\u00e9n indispensable contar sistemas contables automatizados.<\/p><h4 class=\"reader-text-block__heading2\"><strong>El cambio en el rol de los contadores<\/strong><\/h4><p class=\"reader-text-block__paragraph\">Desde el inicio de la contabilidad sus sistemas han evolucionado de acuerdo a las necesidades de cada \u00e9poca. Se desarrollaron conceptos y el uso de libros contables.<\/p><p class=\"reader-text-block__paragraph\">Las necesidades de esta \u00e9poca digital requieren de personas abiertas a la tecnolog\u00eda, dispuestas a especializarse en alguna de sus ramas, y a la vez seguir cultivando las llamadas habilidades blandas, que siempre ser\u00e1n indispensables.<\/p><p class=\"reader-text-block__paragraph\">De acuerdo a un estudio de Accenture Research, los perfiles m\u00e1s solicitados en el \u00e1rea de contabilidad son los\u00a0<strong>proactivos e innovadores<\/strong>, que cuenten con\u00a0<strong>habilidades t\u00e9cnicas actualizadas con las nuevas tecnolog\u00edas digitales<\/strong>.<\/p><p class=\"reader-text-block__paragraph\"><span style=\"text-decoration: underline;\"><span style=\"color: #800000;\"><a style=\"color: #800000;\" href=\"https:\/\/advans.mx\/index.php\/contabilidad-2\/\" target=\"_blank\" rel=\"noopener\"><span class=\"tvm__text--legacy-publishing-emphasis\">Prueba por 30 d\u00edas Advans Contabilidad gratis, y descubre lo f\u00e1cil, intuitiva y eficaz que es esta herramienta.<\/span><\/a><\/span><\/span><\/p><p class=\"reader-text-block__paragraph\">Los expertos en reclutamiento se\u00f1alan dos habilidades centrales para concursar por puestos altos:\u00a0<strong><span class=\"tvm__text--legacy-publishing-emphasis\">conocimiento y uso de la tecnolog\u00eda<\/span><\/strong>\u00a0y el\u00a0<strong><span class=\"tvm__text--legacy-publishing-emphasis\">dominio de un segundo idioma<\/span><\/strong>. Y es que los contadores se convierten en estrategas de los negocios, y deben estar preparados para los nuevos retos.<\/p><p class=\"reader-text-block__paragraph\">La tecnolog\u00eda avanza a pasos gigantes, y de la misma manera las empresas y organizaciones deben avanzar en la digitalizaci\u00f3n de sus procesos, de otra manera se quedan detr\u00e1s en muchas oportunidades de negocios y crecimiento. Y seguir\u00e1n buscando a los profesionistas preparados para acompa\u00f1arlos en ese camino.<\/p><h4><strong>Principales competencias laborales solicitadas por las empresas:<\/strong><\/h4><ol><li>Conocimiento y manejo de tecnolog\u00eda<\/li><li>Dominio de idiomas<\/li><li>Iniciativa y proactividad<\/li><li>Trabajo en equipo<\/li><li>Autogesti\u00f3n del tiempo<\/li><li>Capacidad en la toma de decisiones<\/li><li>Adaptaci\u00f3n a nuevos entornos<\/li><\/ol><p>Entre otros, dependiendo del ramo y el puesto.<\/p><p>\u00bfTe estas actualizando para ser el profesional que quieres ser?<\/p>\t\t\t\t\t\t\t\t<\/div>\n\t\t\t\t<\/div>\n\t\t\t\t<div class=\"elementor-element elementor-element-98d7467 elementor-widget elementor-widget-image\" data-id=\"98d7467\" data-element_type=\"widget\" data-widget_type=\"image.default\">\n\t\t\t\t<div class=\"elementor-widget-container\">\n\t\t\t\t\t\t\t\t\t\t\t\t\t\t\t<img loading=\"lazy\" decoding=\"async\" width=\"940\" height=\"788\" src=\"https:\/\/advans.mx\/wp-content\/uploads\/2024\/09\/El-perfil-del-contador-en-la-era-digital-.png\" class=\"attachment-large size-large wp-image-3933\" alt=\"El perfil del contador en la era digital\" srcset=\"https:\/\/advans.mx\/wp-content\/uploads\/2024\/09\/El-perfil-del-contador-en-la-era-digital-.png 940w, https:\/\/advans.mx\/wp-content\/uploads\/2024\/09\/El-perfil-del-contador-en-la-era-digital--300x251.png 300w, https:\/\/advans.mx\/wp-content\/uploads\/2024\/09\/El-perfil-del-contador-en-la-era-digital--768x644.png 768w\" sizes=\"(max-width: 940px) 100vw, 940px\" \/>\t\t\t\t\t\t\t\t\t\t\t\t\t\t\t<\/div>\n\t\t\t\t<\/div>\n\t\t\t\t<\/div>\n\t\t<div class=\"elementor-element elementor-element-4ccd35a e-con-full e-flex e-con e-child\" data-id=\"4ccd35a\" data-element_type=\"container\">\n\t\t\t\t<div class=\"elementor-element elementor-element-a5eac3e elementor-widget elementor-widget-sidebar\" data-id=\"a5eac3e\" data-element_type=\"widget\" data-widget_type=\"sidebar.default\">\n\t\t\t\t<div class=\"elementor-widget-container\">\n\t\t\t\t\t<div class=\"ct-widget is-layout-flow widget_block\" id=\"block-14\">\n<div class=\"wp-block-group is-layout-constrained wp-block-group-is-layout-constrained\">\n<h3 class=\"wp-block-heading\" style=\"font-size:clamp(14px, 0.875rem + ((1vw - 3.2px) * 0.313), 18px);\">Post Recientes<\/h3>\n\n\n\n<div data-id=\"ca932ab2\" class=\"wp-block-blocksy-query\" style=\"margin-top:var(--wp--preset--spacing--60);margin-bottom:var(--wp--preset--spacing--60)\"><div class=\"ct-query-template-default is-layout-flow\"><article class=\"wp-block-post is-layout-flow post-5509 post type-post status-publish format-standard has-post-thumbnail hentry category-contabilidad\">\n\n<div class=\"wp-block-columns is-layout-flex wp-container-core-columns-is-layout-2 wp-block-columns-is-layout-flex\">\n<div class=\"wp-block-column is-layout-flow wp-block-column-is-layout-flow\" style=\"flex-basis:25%\"><a class=\"ct-dynamic-media wp-elements-9b151e15d5a77cfdbf39b630d839dfce\" href=\"https:\/\/advans.mx\/index.php\/2025\/03\/12\/que-es-la-contabilidad-electronica-y-como-beneficia-a-tu-empresa\/\"><img loading=\"lazy\" decoding=\"async\" width=\"150\" height=\"150\" src=\"https:\/\/advans.mx\/wp-content\/uploads\/2025\/03\/Que-es-la-contabilidad-electronica-150x150.webp\" class=\"attachment-thumbnail size-thumbnail not-transparent\" alt=\"Que es la contabilidad electronica\" style=\"--dominant-color: #2a4b52;width:100%;height:100%;object-fit: cover;aspect-ratio: 1;\" data-has-transparency=\"false\" data-dominant-color=\"2a4b52\" \/><\/a><\/div>\n\n\n\n<div class=\"wp-block-column is-vertically-aligned-center is-layout-flow wp-block-column-is-layout-flow\" style=\"flex-basis:75%\"><h2 style=\"font-size:clamp(14px, 0.875rem + ((1vw - 3.2px) * 0.078), 15px);font-weight:500; margin-bottom:var(--wp--preset--spacing--20);\" class=\"ct-dynamic-data wp-elements-5eb1ec1ae98a364d8b053a6fb7da87fa\"><a href=\"https:\/\/advans.mx\/index.php\/2025\/03\/12\/que-es-la-contabilidad-electronica-y-como-beneficia-a-tu-empresa\/\">\u00bfQu\u00e9 es la contabilidad electr\u00f3nica y c\u00f3mo beneficia a tu empresa?<\/a><\/h2>\n\n<div style=\"font-size:13px; margin-top:0px;margin-bottom:0px;\" class=\"ct-dynamic-data wp-elements-d8e42f12b0ff926901f9545ff4416e07\">marzo 12, 2025<\/div><\/div>\n<\/div>\n\n<\/article><article class=\"wp-block-post is-layout-flow post-5457 post type-post status-publish format-standard has-post-thumbnail hentry category-gestion-administrativa tag-81 tag-empleo tag-subsidio tag-subsidio-al-empleo-2025\">\n\n<div class=\"wp-block-columns is-layout-flex wp-container-core-columns-is-layout-3 wp-block-columns-is-layout-flex\">\n<div class=\"wp-block-column is-layout-flow wp-block-column-is-layout-flow\" style=\"flex-basis:25%\"><a class=\"ct-dynamic-media wp-elements-9b151e15d5a77cfdbf39b630d839dfce\" href=\"https:\/\/advans.mx\/index.php\/2025\/02\/15\/subsidio-al-empleo-2025\/\"><img loading=\"lazy\" decoding=\"async\" width=\"150\" height=\"150\" src=\"https:\/\/advans.mx\/wp-content\/uploads\/2025\/02\/\u00bfQue-es-el-subsidio-al-empleo--150x150.webp\" class=\"attachment-thumbnail size-thumbnail not-transparent\" alt=\"\u00bfQue\u0301 es el subsidio al empleo?\u00a0\" style=\"--dominant-color: #716e62;width:100%;height:100%;object-fit: cover;aspect-ratio: 1;\" data-has-transparency=\"false\" data-dominant-color=\"716e62\" \/><\/a><\/div>\n\n\n\n<div class=\"wp-block-column is-vertically-aligned-center is-layout-flow wp-block-column-is-layout-flow\" style=\"flex-basis:75%\"><h2 style=\"font-size:clamp(14px, 0.875rem + ((1vw - 3.2px) * 0.078), 15px);font-weight:500; margin-bottom:var(--wp--preset--spacing--20);\" class=\"ct-dynamic-data wp-elements-5eb1ec1ae98a364d8b053a6fb7da87fa\"><a href=\"https:\/\/advans.mx\/index.php\/2025\/02\/15\/subsidio-al-empleo-2025\/\">Subsidio al empleo 2025<\/a><\/h2>\n\n<div style=\"font-size:13px; margin-top:0px;margin-bottom:0px;\" class=\"ct-dynamic-data wp-elements-d8e42f12b0ff926901f9545ff4416e07\">febrero 15, 2025<\/div><\/div>\n<\/div>\n\n<\/article><article class=\"wp-block-post is-layout-flow post-5448 post type-post status-publish format-standard has-post-thumbnail hentry category-cumplimiento-fiscal tag-acuse-diot tag-diot tag-diot-que-es tag-enviar-diot tag-envio-diot tag-que-es-diot\">\n\n<div class=\"wp-block-columns is-layout-flex wp-container-core-columns-is-layout-4 wp-block-columns-is-layout-flex\">\n<div class=\"wp-block-column is-layout-flow wp-block-column-is-layout-flow\" style=\"flex-basis:25%\"><a class=\"ct-dynamic-media wp-elements-9b151e15d5a77cfdbf39b630d839dfce\" href=\"https:\/\/advans.mx\/index.php\/2025\/02\/14\/que-es-la-diot\/\"><img loading=\"lazy\" decoding=\"async\" width=\"150\" height=\"150\" src=\"https:\/\/advans.mx\/wp-content\/uploads\/2025\/02\/\u00bfQue-es-la-DIOT-150x150.webp\" class=\"attachment-thumbnail size-thumbnail not-transparent\" alt=\"\u00bfQu\u00e9 es la DIOT?\" style=\"--dominant-color: #656e71;width:100%;height:100%;object-fit: cover;aspect-ratio: 1;\" data-has-transparency=\"false\" data-dominant-color=\"656e71\" \/><\/a><\/div>\n\n\n\n<div class=\"wp-block-column is-vertically-aligned-center is-layout-flow wp-block-column-is-layout-flow\" style=\"flex-basis:75%\"><h2 style=\"font-size:clamp(14px, 0.875rem + ((1vw - 3.2px) * 0.078), 15px);font-weight:500; margin-bottom:var(--wp--preset--spacing--20);\" class=\"ct-dynamic-data wp-elements-5eb1ec1ae98a364d8b053a6fb7da87fa\"><a href=\"https:\/\/advans.mx\/index.php\/2025\/02\/14\/que-es-la-diot\/\">\u00bfQu\u00e9 es la DIOT?<\/a><\/h2>\n\n<div style=\"font-size:13px; margin-top:0px;margin-bottom:0px;\" class=\"ct-dynamic-data wp-elements-d8e42f12b0ff926901f9545ff4416e07\">febrero 14, 2025<\/div><\/div>\n<\/div>\n\n<\/article><\/div><\/div>\n<\/div>\n<\/div><div class=\"ct-widget is-layout-flow widget_block\" id=\"block-56\">\n<div class=\"wp-block-group is-nowrap is-layout-flex wp-container-core-group-is-layout-2 wp-block-group-is-layout-flex\">\n<p><\/p>\n<\/div>\n<\/div><div class=\"ct-widget is-layout-flow widget_block\" id=\"block-55\">\n<div class=\"wp-block-stackable-feature alignwide stk-block-feature stk-block stk-63a167d is-style-default\" data-v=\"2\" data-block-id=\"63a167d\"><style>.stk-63a167d {--stk-feature-flex-wrap:nowrap !important;}<\/style><div class=\"stk-content-align stk-63a167d-column alignwide stk-container stk-63a167d-container stk--no-background stk--no-padding\"><div class=\"stk-inner-blocks stk-block-content stk-row\">\n<div class=\"wp-block-stackable-column stk-block-column stk-column stk-block stk-c1263cf stk-block-background\" data-v=\"4\" data-block-id=\"c1263cf\"><style>.stk-c1263cf {align-self:center !important;border-top-left-radius:20px !important;border-top-right-radius:20px !important;border-bottom-right-radius:20px !important;border-bottom-left-radius:20px !important;overflow:hidden !important;}@media screen and (min-width:690px){.stk-c1263cf {flex:var(--stk-flex-grow, 1) 1 calc(95% - var(--stk-column-gap, 0px) * 1 \/ 2 ) !important;}}<\/style><div class=\"stk-column-wrapper stk-block-column__content stk-container stk-c1263cf-container stk--no-background stk--no-padding\"><div class=\"has-text-align-center stk-block-content stk-inner-blocks stk-c1263cf-inner-blocks\"><\/div><\/div><\/div>\n\n\n\n<div class=\"wp-block-stackable-column stk-block-column stk-column stk-block stk-c18f9dd\" data-v=\"4\" data-block-id=\"c18f9dd\"><style>.stk-c18f9dd {align-self:center !important;}@media screen and (min-width:690px){.stk-c18f9dd {flex:var(--stk-flex-grow, 1) 1 calc(5% - var(--stk-column-gap, 0px) * 1 \/ 2 ) !important;}}<\/style><div class=\"stk-column-wrapper stk-block-column__content stk-container stk-c18f9dd-container stk--no-background stk--no-padding\"><div class=\"stk-block-content stk-inner-blocks stk-c18f9dd-inner-blocks\"><\/div><\/div><\/div>\n<\/div><\/div><\/div>\n<\/div><div class=\"ct-widget is-layout-flow widget_block widget_media_image\" id=\"block-63\">\n<figure class=\"wp-block-image size-full\"><a href=\"#suscribirse\"><img data-dominant-color=\"a96289\" data-has-transparency=\"false\" style=\"--dominant-color: #a96289;\" loading=\"lazy\" decoding=\"async\" loading=\"lazy\" width=\"300\" height=\"600\" sizes=\"auto, (max-width: 300px) 100vw, 300px\" src=\"https:\/\/advans.mx\/wp-content\/uploads\/2025\/01\/advans-banner-png.webp\" alt=\"\" class=\"wp-image-5330 not-transparent\" srcset=\"https:\/\/advans.mx\/wp-content\/uploads\/2025\/01\/advans-banner-png.webp 300w, https:\/\/advans.mx\/wp-content\/uploads\/2025\/01\/advans-banner-150x300.webp 150w\" \/><\/a><\/figure>\n<\/div>\t\t\t\t<\/div>\n\t\t\t\t<\/div>\n\t\t\t\t<\/div>\n\t\t\t\t\t<\/div>\n\t\t\t\t<\/div>\n\t\t<div class=\"elementor-element elementor-element-2543854 e-flex e-con-boxed e-con e-parent\" data-id=\"2543854\" data-element_type=\"container\">\n\t\t\t\t\t<div class=\"e-con-inner\">\n\t\t<div class=\"elementor-element elementor-element-e9d467c e-grid e-con-full e-con e-child\" data-id=\"e9d467c\" data-element_type=\"container\">\n\t\t<div class=\"elementor-element elementor-element-cbbe300 e-con-full e-flex e-con e-child\" data-id=\"cbbe300\" data-element_type=\"container\">\n\t\t\t\t<div class=\"elementor-element elementor-element-c0145fc elementor-widget elementor-widget-heading\" data-id=\"c0145fc\" data-element_type=\"widget\" data-widget_type=\"heading.default\">\n\t\t\t\t<div class=\"elementor-widget-container\">\n\t\t\t\t\t<h2 class=\"elementor-heading-title elementor-size-default\">Suscr\u00edbete a nuestra comunidad<\/h2>\t\t\t\t<\/div>\n\t\t\t\t<\/div>\n\t\t\t\t<div class=\"elementor-element elementor-element-ecdac7c elementor-widget elementor-widget-text-editor\" data-id=\"ecdac7c\" data-element_type=\"widget\" data-widget_type=\"text-editor.default\">\n\t\t\t\t<div class=\"elementor-widget-container\">\n\t\t\t\t\t\t\t\t\t<p style=\"text-align: center;\">Recibe informaci\u00f3n sobre los temas en tendencia de tecnolog\u00eda y temas fiscales.<\/p>\t\t\t\t\t\t\t\t<\/div>\n\t\t\t\t<\/div>\n\t\t\t\t<div class=\"elementor-element elementor-element-c41d37d elementor-widget elementor-widget-html\" data-id=\"c41d37d\" data-element_type=\"widget\" data-widget_type=\"html.default\">\n\t\t\t\t<div class=\"elementor-widget-container\">\n\t\t\t\t\t<iframe aria-label='Suscr\u00edbete a nuestro blog' frameborder=\"0\" style=\"height:500px;width:99%;border:none;\" src='https:\/\/forms.zohopublic.com\/factupronto1\/form\/Suscrbeteanuestroblog1\/formperma\/g5F1mWn1Q2a5U2sJ1lfEzMFhfC04DdkT3E-JuzDO1EI'><\/iframe>\n\t\t\t\t<\/div>\n\t\t\t\t<\/div>\n\t\t\t\t<\/div>\n\t\t\t\t<\/div>\n\t\t\t\t\t<\/div>\n\t\t\t\t<\/div>\n\t\t\t\t<\/div>\n\t\t","protected":false},"excerpt":{"rendered":"<p>El perfil del contador en la era digital La implementaci\u00f3n de la tecnolog\u00eda ha definido la evoluci\u00f3n del perfil del contador en la era digital, tan r\u00e1pido, que adaptarse al uso de nuevas aplicaciones ya debe ser parte del curriculum de estudio. Los contadores se convierten en piezas clave dentro de las empresas y organizaciones, [&hellip;]<\/p>\n","protected":false},"author":4,"featured_media":3933,"comment_status":"open","ping_status":"open","sticky":false,"template":"","format":"standard","meta":{"footnotes":""},"categories":[25],"tags":[],"class_list":["post-3931","post","type-post","status-publish","format-standard","has-post-thumbnail","hentry","category-contabilidad"],"blocksy_meta":[],"yoast_head":"<!-- This site is optimized with the Yoast SEO plugin v24.7 - https:\/\/yoast.com\/wordpress\/plugins\/seo\/ -->\n<title>El perfil del contador en la era digital - Advans Soluciones<\/title>\n<meta name=\"description\" content=\"La tecnolog\u00eda ha cambiado el perfil del contador, por lo que adaptarse a nuevas aplicaciones debe incluirse en el curr\u00edculo.\" \/>\n<meta name=\"robots\" content=\"index, follow, max-snippet:-1, max-image-preview:large, max-video-preview:-1\" \/>\n<link rel=\"canonical\" href=\"https:\/\/advans.mx\/index.php\/2024\/09\/28\/el-perfil-del-contador-en-la-era-digital\/\" \/>\n<meta property=\"og:locale\" content=\"es_MX\" \/>\n<meta property=\"og:type\" content=\"article\" \/>\n<meta property=\"og:title\" content=\"El perfil del contador en la era digital - Advans Soluciones\" \/>\n<meta property=\"og:description\" content=\"La tecnolog\u00eda ha cambiado el perfil del contador, por lo que adaptarse a nuevas aplicaciones debe incluirse en el curr\u00edculo.\" \/>\n<meta property=\"og:url\" content=\"https:\/\/advans.mx\/index.php\/2024\/09\/28\/el-perfil-del-contador-en-la-era-digital\/\" \/>\n<meta property=\"og:site_name\" content=\"Advans Soluciones\" \/>\n<meta property=\"article:publisher\" content=\"https:\/\/www.facebook.com\/SolucionesAdvans\" \/>\n<meta property=\"article:published_time\" content=\"2024-09-28T15:33:37+00:00\" \/>\n<meta property=\"article:modified_time\" content=\"2025-03-25T22:43:20+00:00\" \/>\n<meta property=\"og:image\" content=\"https:\/\/advans.mx\/wp-content\/uploads\/2024\/09\/El-perfil-del-contador-en-la-era-digital-.png\" \/>\n\t<meta property=\"og:image:width\" content=\"940\" \/>\n\t<meta property=\"og:image:height\" content=\"788\" \/>\n\t<meta property=\"og:image:type\" content=\"image\/png\" \/>\n<meta name=\"author\" content=\"Carlos Castillo Inurreta\" \/>\n<meta name=\"twitter:card\" content=\"summary_large_image\" \/>\n<meta name=\"twitter:creator\" content=\"@AdvansMx\" \/>\n<meta name=\"twitter:site\" content=\"@AdvansMx\" \/>\n<meta name=\"twitter:label1\" content=\"Escrito por\" \/>\n\t<meta name=\"twitter:data1\" content=\"Carlos Castillo Inurreta\" \/>\n\t<meta name=\"twitter:label2\" content=\"Tiempo de lectura\" \/>\n\t<meta name=\"twitter:data2\" content=\"4 minutos\" \/>\n<script type=\"application\/ld+json\" class=\"yoast-schema-graph\">{\"@context\":\"https:\/\/schema.org\",\"@graph\":[{\"@type\":\"Article\",\"@id\":\"https:\/\/advans.mx\/index.php\/2024\/09\/28\/el-perfil-del-contador-en-la-era-digital\/#article\",\"isPartOf\":{\"@id\":\"https:\/\/advans.mx\/index.php\/2024\/09\/28\/el-perfil-del-contador-en-la-era-digital\/\"},\"author\":{\"name\":\"Carlos Castillo Inurreta\",\"@id\":\"https:\/\/advans.mx\/#\/schema\/person\/b8a4168442635d3b674780216eff2cc3\"},\"headline\":\"El perfil del contador en la era digital\",\"datePublished\":\"2024-09-28T15:33:37+00:00\",\"dateModified\":\"2025-03-25T22:43:20+00:00\",\"mainEntityOfPage\":{\"@id\":\"https:\/\/advans.mx\/index.php\/2024\/09\/28\/el-perfil-del-contador-en-la-era-digital\/\"},\"wordCount\":497,\"commentCount\":0,\"publisher\":{\"@id\":\"https:\/\/advans.mx\/#organization\"},\"image\":{\"@id\":\"https:\/\/advans.mx\/index.php\/2024\/09\/28\/el-perfil-del-contador-en-la-era-digital\/#primaryimage\"},\"thumbnailUrl\":\"https:\/\/advans.mx\/wp-content\/uploads\/2024\/09\/El-perfil-del-contador-en-la-era-digital-.png\",\"articleSection\":[\"Contabilidad\"],\"inLanguage\":\"es\",\"potentialAction\":[{\"@type\":\"CommentAction\",\"name\":\"Comment\",\"target\":[\"https:\/\/advans.mx\/index.php\/2024\/09\/28\/el-perfil-del-contador-en-la-era-digital\/#respond\"]}]},{\"@type\":\"WebPage\",\"@id\":\"https:\/\/advans.mx\/index.php\/2024\/09\/28\/el-perfil-del-contador-en-la-era-digital\/\",\"url\":\"https:\/\/advans.mx\/index.php\/2024\/09\/28\/el-perfil-del-contador-en-la-era-digital\/\",\"name\":\"El perfil del contador en la era digital - Advans Soluciones\",\"isPartOf\":{\"@id\":\"https:\/\/advans.mx\/#website\"},\"primaryImageOfPage\":{\"@id\":\"https:\/\/advans.mx\/index.php\/2024\/09\/28\/el-perfil-del-contador-en-la-era-digital\/#primaryimage\"},\"image\":{\"@id\":\"https:\/\/advans.mx\/index.php\/2024\/09\/28\/el-perfil-del-contador-en-la-era-digital\/#primaryimage\"},\"thumbnailUrl\":\"https:\/\/advans.mx\/wp-content\/uploads\/2024\/09\/El-perfil-del-contador-en-la-era-digital-.png\",\"datePublished\":\"2024-09-28T15:33:37+00:00\",\"dateModified\":\"2025-03-25T22:43:20+00:00\",\"description\":\"La tecnolog\u00eda ha cambiado el perfil del contador, por lo que adaptarse a nuevas aplicaciones debe incluirse en el curr\u00edculo.\",\"breadcrumb\":{\"@id\":\"https:\/\/advans.mx\/index.php\/2024\/09\/28\/el-perfil-del-contador-en-la-era-digital\/#breadcrumb\"},\"inLanguage\":\"es\",\"potentialAction\":[{\"@type\":\"ReadAction\",\"target\":[\"https:\/\/advans.mx\/index.php\/2024\/09\/28\/el-perfil-del-contador-en-la-era-digital\/\"]}]},{\"@type\":\"ImageObject\",\"inLanguage\":\"es\",\"@id\":\"https:\/\/advans.mx\/index.php\/2024\/09\/28\/el-perfil-del-contador-en-la-era-digital\/#primaryimage\",\"url\":\"https:\/\/advans.mx\/wp-content\/uploads\/2024\/09\/El-perfil-del-contador-en-la-era-digital-.png\",\"contentUrl\":\"https:\/\/advans.mx\/wp-content\/uploads\/2024\/09\/El-perfil-del-contador-en-la-era-digital-.png\",\"width\":940,\"height\":788,\"caption\":\"El perfil del contador en la era digital\"},{\"@type\":\"BreadcrumbList\",\"@id\":\"https:\/\/advans.mx\/index.php\/2024\/09\/28\/el-perfil-del-contador-en-la-era-digital\/#breadcrumb\",\"itemListElement\":[{\"@type\":\"ListItem\",\"position\":1,\"name\":\"Inicio\",\"item\":\"https:\/\/advans.mx\/\"},{\"@type\":\"ListItem\",\"position\":2,\"name\":\"El perfil del contador en la era digital\"}]},{\"@type\":\"WebSite\",\"@id\":\"https:\/\/advans.mx\/#website\",\"url\":\"https:\/\/advans.mx\/\",\"name\":\"Advans Soluciones\",\"description\":\"\",\"publisher\":{\"@id\":\"https:\/\/advans.mx\/#organization\"},\"potentialAction\":[{\"@type\":\"SearchAction\",\"target\":{\"@type\":\"EntryPoint\",\"urlTemplate\":\"https:\/\/advans.mx\/?s={search_term_string}\"},\"query-input\":{\"@type\":\"PropertyValueSpecification\",\"valueRequired\":true,\"valueName\":\"search_term_string\"}}],\"inLanguage\":\"es\"},{\"@type\":\"Organization\",\"@id\":\"https:\/\/advans.mx\/#organization\",\"name\":\"Advans Soluciones\",\"url\":\"https:\/\/advans.mx\/\",\"logo\":{\"@type\":\"ImageObject\",\"inLanguage\":\"es\",\"@id\":\"https:\/\/advans.mx\/#\/schema\/logo\/image\/\",\"url\":\"https:\/\/advans.mx\/wp-content\/uploads\/2025\/03\/Advans-logo-by-sw-png.webp\",\"contentUrl\":\"https:\/\/advans.mx\/wp-content\/uploads\/2025\/03\/Advans-logo-by-sw-png.webp\",\"width\":178,\"height\":66,\"caption\":\"Advans Soluciones\"},\"image\":{\"@id\":\"https:\/\/advans.mx\/#\/schema\/logo\/image\/\"},\"sameAs\":[\"https:\/\/www.facebook.com\/SolucionesAdvans\",\"https:\/\/x.com\/AdvansMx\",\"https:\/\/www.instagram.com\/solucionesadvans\/\"]},{\"@type\":\"Person\",\"@id\":\"https:\/\/advans.mx\/#\/schema\/person\/b8a4168442635d3b674780216eff2cc3\",\"name\":\"Carlos Castillo Inurreta\",\"image\":{\"@type\":\"ImageObject\",\"inLanguage\":\"es\",\"@id\":\"https:\/\/advans.mx\/#\/schema\/person\/image\/\",\"url\":\"https:\/\/secure.gravatar.com\/avatar\/6cb6e6b9c7c4d0f8247462a15a3cb26c?s=96&d=mm&r=g\",\"contentUrl\":\"https:\/\/secure.gravatar.com\/avatar\/6cb6e6b9c7c4d0f8247462a15a3cb26c?s=96&d=mm&r=g\",\"caption\":\"Carlos Castillo Inurreta\"},\"url\":\"https:\/\/advans.mx\/index.php\/author\/ccarlos\/\"}]}<\/script>\n<!-- \/ Yoast SEO plugin. -->","yoast_head_json":{"title":"El perfil del contador en la era digital - Advans Soluciones","description":"La tecnolog\u00eda ha cambiado el perfil del contador, por lo que adaptarse a nuevas aplicaciones debe incluirse en el curr\u00edculo.","robots":{"index":"index","follow":"follow","max-snippet":"max-snippet:-1","max-image-preview":"max-image-preview:large","max-video-preview":"max-video-preview:-1"},"canonical":"https:\/\/advans.mx\/index.php\/2024\/09\/28\/el-perfil-del-contador-en-la-era-digital\/","og_locale":"es_MX","og_type":"article","og_title":"El perfil del contador en la era digital - Advans Soluciones","og_description":"La tecnolog\u00eda ha cambiado el perfil del contador, por lo que adaptarse a nuevas aplicaciones debe incluirse en el curr\u00edculo.","og_url":"https:\/\/advans.mx\/index.php\/2024\/09\/28\/el-perfil-del-contador-en-la-era-digital\/","og_site_name":"Advans Soluciones","article_publisher":"https:\/\/www.facebook.com\/SolucionesAdvans","article_published_time":"2024-09-28T15:33:37+00:00","article_modified_time":"2025-03-25T22:43:20+00:00","og_image":[{"width":940,"height":788,"url":"https:\/\/advans.mx\/wp-content\/uploads\/2024\/09\/El-perfil-del-contador-en-la-era-digital-.png","type":"image\/png"}],"author":"Carlos Castillo Inurreta","twitter_card":"summary_large_image","twitter_creator":"@AdvansMx","twitter_site":"@AdvansMx","twitter_misc":{"Escrito por":"Carlos Castillo Inurreta","Tiempo de lectura":"4 minutos"},"schema":{"@context":"https:\/\/schema.org","@graph":[{"@type":"Article","@id":"https:\/\/advans.mx\/index.php\/2024\/09\/28\/el-perfil-del-contador-en-la-era-digital\/#article","isPartOf":{"@id":"https:\/\/advans.mx\/index.php\/2024\/09\/28\/el-perfil-del-contador-en-la-era-digital\/"},"author":{"name":"Carlos Castillo Inurreta","@id":"https:\/\/advans.mx\/#\/schema\/person\/b8a4168442635d3b674780216eff2cc3"},"headline":"El perfil del contador en la era digital","datePublished":"2024-09-28T15:33:37+00:00","dateModified":"2025-03-25T22:43:20+00:00","mainEntityOfPage":{"@id":"https:\/\/advans.mx\/index.php\/2024\/09\/28\/el-perfil-del-contador-en-la-era-digital\/"},"wordCount":497,"commentCount":0,"publisher":{"@id":"https:\/\/advans.mx\/#organization"},"image":{"@id":"https:\/\/advans.mx\/index.php\/2024\/09\/28\/el-perfil-del-contador-en-la-era-digital\/#primaryimage"},"thumbnailUrl":"https:\/\/advans.mx\/wp-content\/uploads\/2024\/09\/El-perfil-del-contador-en-la-era-digital-.png","articleSection":["Contabilidad"],"inLanguage":"es","potentialAction":[{"@type":"CommentAction","name":"Comment","target":["https:\/\/advans.mx\/index.php\/2024\/09\/28\/el-perfil-del-contador-en-la-era-digital\/#respond"]}]},{"@type":"WebPage","@id":"https:\/\/advans.mx\/index.php\/2024\/09\/28\/el-perfil-del-contador-en-la-era-digital\/","url":"https:\/\/advans.mx\/index.php\/2024\/09\/28\/el-perfil-del-contador-en-la-era-digital\/","name":"El perfil del contador en la era digital - Advans Soluciones","isPartOf":{"@id":"https:\/\/advans.mx\/#website"},"primaryImageOfPage":{"@id":"https:\/\/advans.mx\/index.php\/2024\/09\/28\/el-perfil-del-contador-en-la-era-digital\/#primaryimage"},"image":{"@id":"https:\/\/advans.mx\/index.php\/2024\/09\/28\/el-perfil-del-contador-en-la-era-digital\/#primaryimage"},"thumbnailUrl":"https:\/\/advans.mx\/wp-content\/uploads\/2024\/09\/El-perfil-del-contador-en-la-era-digital-.png","datePublished":"2024-09-28T15:33:37+00:00","dateModified":"2025-03-25T22:43:20+00:00","description":"La tecnolog\u00eda ha cambiado el perfil del contador, por lo que adaptarse a nuevas aplicaciones debe incluirse en el curr\u00edculo.","breadcrumb":{"@id":"https:\/\/advans.mx\/index.php\/2024\/09\/28\/el-perfil-del-contador-en-la-era-digital\/#breadcrumb"},"inLanguage":"es","potentialAction":[{"@type":"ReadAction","target":["https:\/\/advans.mx\/index.php\/2024\/09\/28\/el-perfil-del-contador-en-la-era-digital\/"]}]},{"@type":"ImageObject","inLanguage":"es","@id":"https:\/\/advans.mx\/index.php\/2024\/09\/28\/el-perfil-del-contador-en-la-era-digital\/#primaryimage","url":"https:\/\/advans.mx\/wp-content\/uploads\/2024\/09\/El-perfil-del-contador-en-la-era-digital-.png","contentUrl":"https:\/\/advans.mx\/wp-content\/uploads\/2024\/09\/El-perfil-del-contador-en-la-era-digital-.png","width":940,"height":788,"caption":"El perfil del contador en la era digital"},{"@type":"BreadcrumbList","@id":"https:\/\/advans.mx\/index.php\/2024\/09\/28\/el-perfil-del-contador-en-la-era-digital\/#breadcrumb","itemListElement":[{"@type":"ListItem","position":1,"name":"Inicio","item":"https:\/\/advans.mx\/"},{"@type":"ListItem","position":2,"name":"El perfil del contador en la era digital"}]},{"@type":"WebSite","@id":"https:\/\/advans.mx\/#website","url":"https:\/\/advans.mx\/","name":"Advans Soluciones","description":"","publisher":{"@id":"https:\/\/advans.mx\/#organization"},"potentialAction":[{"@type":"SearchAction","target":{"@type":"EntryPoint","urlTemplate":"https:\/\/advans.mx\/?s={search_term_string}"},"query-input":{"@type":"PropertyValueSpecification","valueRequired":true,"valueName":"search_term_string"}}],"inLanguage":"es"},{"@type":"Organization","@id":"https:\/\/advans.mx\/#organization","name":"Advans Soluciones","url":"https:\/\/advans.mx\/","logo":{"@type":"ImageObject","inLanguage":"es","@id":"https:\/\/advans.mx\/#\/schema\/logo\/image\/","url":"https:\/\/advans.mx\/wp-content\/uploads\/2025\/03\/Advans-logo-by-sw-png.webp","contentUrl":"https:\/\/advans.mx\/wp-content\/uploads\/2025\/03\/Advans-logo-by-sw-png.webp","width":178,"height":66,"caption":"Advans Soluciones"},"image":{"@id":"https:\/\/advans.mx\/#\/schema\/logo\/image\/"},"sameAs":["https:\/\/www.facebook.com\/SolucionesAdvans","https:\/\/x.com\/AdvansMx","https:\/\/www.instagram.com\/solucionesadvans\/"]},{"@type":"Person","@id":"https:\/\/advans.mx\/#\/schema\/person\/b8a4168442635d3b674780216eff2cc3","name":"Carlos Castillo Inurreta","image":{"@type":"ImageObject","inLanguage":"es","@id":"https:\/\/advans.mx\/#\/schema\/person\/image\/","url":"https:\/\/secure.gravatar.com\/avatar\/6cb6e6b9c7c4d0f8247462a15a3cb26c?s=96&d=mm&r=g","contentUrl":"https:\/\/secure.gravatar.com\/avatar\/6cb6e6b9c7c4d0f8247462a15a3cb26c?s=96&d=mm&r=g","caption":"Carlos Castillo Inurreta"},"url":"https:\/\/advans.mx\/index.php\/author\/ccarlos\/"}]}},"_links":{"self":[{"href":"https:\/\/advans.mx\/index.php\/wp-json\/wp\/v2\/posts\/3931","targetHints":{"allow":["GET"]}}],"collection":[{"href":"https:\/\/advans.mx\/index.php\/wp-json\/wp\/v2\/posts"}],"about":[{"href":"https:\/\/advans.mx\/index.php\/wp-json\/wp\/v2\/types\/post"}],"author":[{"embeddable":true,"href":"https:\/\/advans.mx\/index.php\/wp-json\/wp\/v2\/users\/4"}],"replies":[{"embeddable":true,"href":"https:\/\/advans.mx\/index.php\/wp-json\/wp\/v2\/comments?post=3931"}],"version-history":[{"count":43,"href":"https:\/\/advans.mx\/index.php\/wp-json\/wp\/v2\/posts\/3931\/revisions"}],"predecessor-version":[{"id":5561,"href":"https:\/\/advans.mx\/index.php\/wp-json\/wp\/v2\/posts\/3931\/revisions\/5561"}],"wp:featuredmedia":[{"embeddable":true,"href":"https:\/\/advans.mx\/index.php\/wp-json\/wp\/v2\/media\/3933"}],"wp:attachment":[{"href":"https:\/\/advans.mx\/index.php\/wp-json\/wp\/v2\/media?parent=3931"}],"wp:term":[{"taxonomy":"category","embeddable":true,"href":"https:\/\/advans.mx\/index.php\/wp-json\/wp\/v2\/categories?post=3931"},{"taxonomy":"post_tag","embeddable":true,"href":"https:\/\/advans.mx\/index.php\/wp-json\/wp\/v2\/tags?post=3931"}],"curies":[{"name":"wp","href":"https:\/\/api.w.org\/{rel}","templated":true}]}}